{"id":3466,"date":"2019-04-11T12:56:15","date_gmt":"2019-04-11T10:56:15","guid":{"rendered":"http:\/\/www.laboratoriomister.it\/?p=3466"},"modified":"2022-10-13T18:31:04","modified_gmt":"2022-10-13T16:31:04","slug":"mist-e-r-e-fav-insieme-per-innovazione-e-formazione-accordo-di-2-anni","status":"publish","type":"post","link":"https:\/\/www.laboratoriomister.it\/en\/mist-e-r-e-fav-insieme-per-innovazione-e-formazione-accordo-di-2-anni\/","title":{"rendered":"MIST E-R e FAV: insieme per innovazione e formazione. Accordo di 2 anni"},"content":{"rendered":"<p>Dopo l&#8217;accordo d&#8217;intesa siglato con la Camera di Commercio di Bologna, MIST E-R ha messo nero su bianco <strong>un&#8217;altra importante partnership<\/strong> con la <a href=\"https:\/\/www.fav.it\" target=\"_blank\" rel=\"noopener noreferrer\"><strong>Fondazione Aldini Valeriani (FAV)<\/strong><\/a>, Scuola di Industrial Management di Confindustria Emilia. La collaborazione sar\u00e0 mirata alla valorizzazione della rete di esperienze, di eccellenze nei vari ambiti di competenza, per la <strong>diffusione delle tematiche di innovazione digitale, ricerca e sviluppo verso le imprese.<\/strong><\/p>\n<p>Pi\u00f9 concretamente, il focus dell&#8217;accordo tra MIST E-R e FAV sar\u00e0 sull&#8217;<strong>organizzazione di seminari di informazione e formazione<\/strong>, ma anche sulla partecipazione congiunta a fiere e eventi di interesse comune. Quest&#8217;ultima possibilit\u00e0 avr\u00e0 effetto gi\u00e0 <strong>dal 28 al 30 maggio all&#8217;<a href=\"https:\/\/www.spsitalia.it\" target=\"_blank\" rel=\"noopener noreferrer\">SPS di Parma<\/a>, dove MIST E-R e FAV divideranno uno stand<\/strong> nella fiera dell&#8217;Automazione e del Digitale. In futuro e per i prossimi due anni, il Laboratorio di ricerca industriale e la Scuola di formazione manageriale\u00a0si rendono disponibili a condividere spazi e competenze per l\u2019organizzazione e lo svolgimento di attivit\u00e0 di disseminazione scientifica e tecnologica.<\/p>\n<p>&nbsp;<\/p>\n<p>&nbsp;<\/p>\n<p>&nbsp;<\/p>\n","protected":false},"excerpt":{"rendered":"<p>Dopo l&#8217;accordo d&#8217;intesa siglato con la Camera di Commercio di Bologna, MIST E-R ha messo nero su bianco un&#8217;altra importante&#8230;<\/p>\n","protected":false},"author":3,"featured_media":3612,"comment_status":"closed","ping_status":"open","sticky":false,"template":"","format":"standard","meta":{"_acf_changed":false,"footnotes":""},"categories":[19],"tags":[135,137,139,23,141],"class_list":["post-3466","post","type-post","status-publish","format-standard","has-post-thumbnail","hentry","category-corporate","tag-fav","tag-fondazione-aldini-valeriani","tag-formazione","tag-innovazione","tag-sps-parma"],"acf":[],"_links":{"self":[{"href":"https:\/\/www.laboratoriomister.it\/en\/wp-json\/wp\/v2\/posts\/3466","targetHints":{"allow":["GET"]}}],"collection":[{"href":"https:\/\/www.laboratoriomister.it\/en\/wp-json\/wp\/v2\/posts"}],"about":[{"href":"https:\/\/www.laboratoriomister.it\/en\/wp-json\/wp\/v2\/types\/post"}],"author":[{"embeddable":true,"href":"https:\/\/www.laboratoriomister.it\/en\/wp-json\/wp\/v2\/users\/3"}],"replies":[{"embeddable":true,"href":"https:\/\/www.laboratoriomister.it\/en\/wp-json\/wp\/v2\/comments?post=3466"}],"version-history":[{"count":1,"href":"https:\/\/www.laboratoriomister.it\/en\/wp-json\/wp\/v2\/posts\/3466\/revisions"}],"predecessor-version":[{"id":10454,"href":"https:\/\/www.laboratoriomister.it\/en\/wp-json\/wp\/v2\/posts\/3466\/revisions\/10454"}],"wp:featuredmedia":[{"embeddable":true,"href":"https:\/\/www.laboratoriomister.it\/en\/wp-json\/wp\/v2\/media\/3612"}],"wp:attachment":[{"href":"https:\/\/www.laboratoriomister.it\/en\/wp-json\/wp\/v2\/media?parent=3466"}],"wp:term":[{"taxonomy":"category","embeddable":true,"href":"https:\/\/www.laboratoriomister.it\/en\/wp-json\/wp\/v2\/categories?post=3466"},{"taxonomy":"post_tag","embeddable":true,"href":"https:\/\/www.laboratoriomister.it\/en\/wp-json\/wp\/v2\/tags?post=3466"}],"curies":[{"name":"wp","href":"https:\/\/api.w.org\/{rel}","templated":true}]}}